{"id":9880,"date":"2026-09-03T20:44:50","date_gmt":"2026-09-03T20:44:50","guid":{"rendered":"https:\/\/omniumcultural.edu.mx\/site\/?p=9880"},"modified":"2026-09-03T20:44:50","modified_gmt":"2026-09-03T20:44:50","slug":"volkswagen-prepara-un-gran-recorte","status":"publish","type":"post","link":"https:\/\/omniumcultural.edu.mx\/site\/2026\/09\/03\/volkswagen-prepara-un-gran-recorte\/","title":{"rendered":"VOLKSWAGEN PREPARA UN GRAN RECORTE"},"content":{"rendered":"\n<p class=\"wp-block-paragraph\">&nbsp;&nbsp;&nbsp;&nbsp;&nbsp;&nbsp;&nbsp;&nbsp;&nbsp;&nbsp;&nbsp;&nbsp;&nbsp;&nbsp;&nbsp;&nbsp;&nbsp;&nbsp;&nbsp;&nbsp;&nbsp;&nbsp;&nbsp;&nbsp;&nbsp;&nbsp;&nbsp;&nbsp;&nbsp; &nbsp;&nbsp;&nbsp;&nbsp;&nbsp;&nbsp;&nbsp;&nbsp;&nbsp; Viernes 4 de septiembre de 2026<\/p>\n\n\n\n<p class=\"wp-block-paragraph\">\u00a0\u00a0\u00a0\u00a0\u00a0\u00a0\u00a0\u00a0\u00a0\u00a0\u00a0\u00a0\u00a0\u00a0\u00a0\u00a0\u00a0\u00a0\u00a0\u00a0\u00a0\u00a0\u00a0\u00a0\u00a0\u00a0\u00a0\u00a0 <\/p>\n\n\n\n<p class=\"wp-block-paragraph\">&nbsp;&nbsp;&nbsp;&nbsp;&nbsp;&nbsp;&nbsp;&nbsp;&nbsp;&nbsp;&nbsp;&nbsp;&nbsp;&nbsp;&nbsp;&nbsp;&nbsp; &nbsp;Blume y la familia Porsche- Pi\u00ebch enfrentan a sindicatos<\/p>\n\n\n\n<p class=\"wp-block-paragraph\">Dr. Armando Rojano Uscanga<\/p>\n\n\n\n<p class=\"wp-block-paragraph\">Volkswagen, la legendaria empresa automotriz alemana enfrenta ventas bajas ante la competencia de los autos el\u00e9ctricos chinos y planea un gran ajuste para sobrevivir, reduciendo costos que son superiores al 30% de sus rivales, lo que significar\u00eda 100.000 despidos (la mitad de ellos en Alemania) y el cierre de varias f\u00e1bricas. Sin embargo, en su capital y por lo tanto en toma de las decisiones tiene participaci\u00f3n el Gobierno de Baja Sajonia y otros, adem\u00e1s de que la mitad de su Consejo de Vigilancia est\u00e1 integrado por el sindicato, miembro del poderoso IG Metall. La mayor\u00eda de su capital pertenece a la familia Porsche-Pi\u00ebch.<\/p>\n\n\n\n<p class=\"wp-block-paragraph\">&nbsp;Los Porsche-Pi\u00ebch, sus due\u00f1os, necesitan de los sindicatos en la toma de decisiones y quieren eludir al Consejo de Vigilancia llevando el plan a la junta extraordinaria de accionistas, pero los sindicatos ven la maniobra como un ataque al sistema alem\u00e1n de cogesti\u00f3n y amenazan con protestas.<\/p>\n\n\n\n<p class=\"wp-block-paragraph\">Pero el art\u00edculo 111.4 de la Ley alemana de Sociedades An\u00f3nimas (AktG) establece que, cuando una operaci\u00f3n necesita la aprobaci\u00f3n del Consejo de Supervisi\u00f3n y \u00e9ste la deniega, ser\u00e1 la junta de accionistas quien decida, con al menos el 75% de los votos emitidos. Hoy se reunir\u00e1n con el sindicato, y si no hay acuerdo en octubre ser\u00eda la junta extraordinaria, en donde los Porsche &nbsp;<\/p>\n\n\n\n<p class=\"wp-block-paragraph\">&nbsp;controla el 53,3% de los derechos de voto, Qatar el 17% y Baja Sajonia el 20%, que sumando llegar\u00eda 70%, muy cerca del 75% necesario, por lo que tendr\u00e1n que negociar con los trabajadores.<\/p>\n","protected":false},"excerpt":{"rendered":"<p>&nbsp;&nbsp;&nbsp;&nbsp;&nbsp;&nbsp;&nbsp;&nbsp;&nbsp;&nbsp;&nbsp;&nbsp;&nbsp;&nbsp;&nbsp;&nbsp;&nbsp;&nbsp;&nbsp;&nbsp;&nbsp;&nbsp;&nbsp;&nbsp;&nbsp;&nbsp;&nbsp;&nbsp;&nbsp; &nbsp;&nbsp;&nbsp;&nbsp;&nbsp;&nbsp;&nbsp;&nbsp;&nbsp; Viernes 4 de septiembre de 2026 \u00a0\u00a0\u00a0\u00a0\u00a0\u00a0\u00a0\u00a0\u00a0\u00a0\u00a0\u00a0\u00a0\u00a0\u00a0\u00a0\u00a0\u00a0\u00a0\u00a0\u00a0\u00a0\u00a0\u00a0\u00a0\u00a0\u00a0\u00a0 &nbsp;&nbsp;&nbsp;&nbsp;&nbsp;&nbsp;&nbsp;&nbsp;&nbsp;&nbsp;&nbsp;&nbsp;&nbsp;&nbsp;&nbsp;&nbsp;&nbsp; &nbsp;Blume y la familia Porsche- Pi\u00ebch enfrentan a sindicatos Dr. Armando Rojano Uscanga Volkswagen, la legendaria empresa automotriz alemana enfrenta ventas bajas ante la competencia de los autos el\u00e9ctricos chinos y planea un gran ajuste para sobrevivir, reduciendo costos que son superiores al 30% de&#8230;<\/p>\n<p class=\"more-link\"><a href=\"https:\/\/omniumcultural.edu.mx\/site\/2026\/09\/03\/volkswagen-prepara-un-gran-recorte\/\"><span>Read More<\/span><i>&#43;<\/i><\/a><\/p>\n","protected":false},"author":1,"featured_media":0,"comment_status":"open","ping_status":"open","sticky":false,"template":"","format":"standard","meta":{"footnotes":""},"categories":[4],"tags":[],"class_list":["post-9880","post","type-post","status-publish","format-standard","hentry","category-ahora-y-aqui"],"_links":{"self":[{"href":"https:\/\/omniumcultural.edu.mx\/site\/wp-json\/wp\/v2\/posts\/9880","targetHints":{"allow":["GET"]}}],"collection":[{"href":"https:\/\/omniumcultural.edu.mx\/site\/wp-json\/wp\/v2\/posts"}],"about":[{"href":"https:\/\/omniumcultural.edu.mx\/site\/wp-json\/wp\/v2\/types\/post"}],"author":[{"embeddable":true,"href":"https:\/\/omniumcultural.edu.mx\/site\/wp-json\/wp\/v2\/users\/1"}],"replies":[{"embeddable":true,"href":"https:\/\/omniumcultural.edu.mx\/site\/wp-json\/wp\/v2\/comments?post=9880"}],"version-history":[{"count":1,"href":"https:\/\/omniumcultural.edu.mx\/site\/wp-json\/wp\/v2\/posts\/9880\/revisions"}],"predecessor-version":[{"id":9881,"href":"https:\/\/omniumcultural.edu.mx\/site\/wp-json\/wp\/v2\/posts\/9880\/revisions\/9881"}],"wp:attachment":[{"href":"https:\/\/omniumcultural.edu.mx\/site\/wp-json\/wp\/v2\/media?parent=9880"}],"wp:term":[{"taxonomy":"category","embeddable":true,"href":"https:\/\/omniumcultural.edu.mx\/site\/wp-json\/wp\/v2\/categories?post=9880"},{"taxonomy":"post_tag","embeddable":true,"href":"https:\/\/omniumcultural.edu.mx\/site\/wp-json\/wp\/v2\/tags?post=9880"}],"curies":[{"name":"wp","href":"https:\/\/api.w.org\/{rel}","templated":true}]}}