{"id":9862,"date":"2026-08-25T20:21:01","date_gmt":"2026-08-25T20:21:01","guid":{"rendered":"https:\/\/omniumcultural.edu.mx\/site\/?p=9862"},"modified":"2026-08-25T20:21:01","modified_gmt":"2026-08-25T20:21:01","slug":"canada-declara-guerra-comercial-a-eeuu-por-aranceles","status":"publish","type":"post","link":"https:\/\/omniumcultural.edu.mx\/site\/2026\/08\/25\/canada-declara-guerra-comercial-a-eeuu-por-aranceles\/","title":{"rendered":"CANAD\u00c1 DECLARA GUERRA COMERCIAL A EEUU POR ARANCELES"},"content":{"rendered":"\n<p class=\"wp-block-paragraph\">&nbsp;&nbsp;&nbsp;&nbsp;&nbsp;&nbsp;&nbsp;&nbsp;&nbsp;&nbsp;&nbsp;&nbsp;&nbsp;&nbsp;&nbsp;&nbsp;&nbsp;&nbsp;&nbsp;&nbsp;&nbsp;&nbsp;&nbsp;&nbsp;&nbsp;&nbsp;&nbsp;&nbsp;&nbsp;&nbsp;&nbsp;&nbsp;&nbsp;&nbsp;&nbsp;&nbsp;&nbsp;&nbsp;&nbsp;&nbsp;&nbsp;&nbsp;&nbsp;&nbsp;&nbsp;&nbsp;&nbsp;&nbsp;&nbsp;&nbsp;&nbsp; Mi\u00e9rcoles 26 de agosto de 2026<\/p>\n\n\n\n<p class=\"wp-block-paragraph\">\u00a0\u00a0\u00a0\u00a0\u00a0\u00a0\u00a0\u00a0\u00a0\u00a0\u00a0\u00a0\u00a0\u00a0\u00a0\u00a0\u00a0\u00a0\u00a0\u00a0\u00a0\u00a0\u00a0\u00a0\u00a0\u00a0\u00a0\u00a0\u00a0\u00a0 <\/p>\n\n\n\n<p class=\"wp-block-paragraph\">&nbsp;&nbsp;&nbsp;&nbsp;&nbsp;&nbsp;&nbsp;&nbsp;&nbsp;&nbsp;&nbsp;&nbsp;&nbsp;&nbsp;&nbsp;&nbsp;&nbsp;&nbsp;&nbsp;&nbsp;&nbsp;&nbsp;&nbsp; Invoca el Whatever it takes\u00bb y aplica aranceles a estados que votaron por Trump<\/p>\n\n\n\n<p class=\"wp-block-paragraph\">Dr. Armando Rojano Uscanga<\/p>\n\n\n\n<p class=\"wp-block-paragraph\">El Gobierno de Canad\u00e1, representado por el primer ministro, Mark Carney, responder\u00e1 \u00abd\u00f3lar por d\u00f3lar\u00bb a los aranceles de EEUU de hasta el 50% en productos por valor de 20.000 millones de d\u00f3lares, invocando el \u00abWhatever it takes\u00bb (Cueste lo que cueste) de Mario Draghi, que afectar\u00eda a los estados lim\u00edtrofes que votaron por Donald Trump.<\/p>\n\n\n\n<p class=\"wp-block-paragraph\">Ser\u00e1n aranceles id\u00e9nticos, d\u00f3lar por d\u00f3lar, producto por producto, tasa por tasa, haciendo que los productos estadounidenses compitan en igualdad de condiciones en el mercado canadiense, animando a los ciudadanos a usar el poder de compra para rechazar los productos de EEUU. &nbsp;Acero, l\u00e1cteos, electrodom\u00e9sticos, piezas de coches, maquinaria agr\u00edcola, muebles y papel, en total, 700 tipos de bienes, tendr\u00e1n tasas del 15% al 50%, cuando se importen, apoyando con ayudas directas a empresas y trabajadores que resulten afectados, para lo cual disponen de 11.00 millones de d\u00f3lares, a diferencia de EEUU en que el gobierno se beneficia de los aranceles en detrimento de las empresas y consumidores.<\/p>\n\n\n\n<p class=\"wp-block-paragraph\">La idea es provocar el mayor da\u00f1o posible en los estados fronterizos con Canad\u00e1, donde se concentran las elecciones para decidir el control del Senado y la C\u00e1mara de Representantes, como Michigan, Minnesota, Wisconsin y Pensilvania. En este \u00faltimo, una encuesta del New York Times muestra a dem\u00f3cratas 9 puntos arriba en intenci\u00f3n de voto legislativo y a Trump con rechazo de 19 puntos y aunque Pensilvania no celebra elecciones clave este a\u00f1o, los otros estados vecinos s\u00ed votar\u00e1n al Senado, y suelen hacerlo en el mismo sentido.<\/p>\n","protected":false},"excerpt":{"rendered":"<p>&nbsp;&nbsp;&nbsp;&nbsp;&nbsp;&nbsp;&nbsp;&nbsp;&nbsp;&nbsp;&nbsp;&nbsp;&nbsp;&nbsp;&nbsp;&nbsp;&nbsp;&nbsp;&nbsp;&nbsp;&nbsp;&nbsp;&nbsp;&nbsp;&nbsp;&nbsp;&nbsp;&nbsp;&nbsp;&nbsp;&nbsp;&nbsp;&nbsp;&nbsp;&nbsp;&nbsp;&nbsp;&nbsp;&nbsp;&nbsp;&nbsp;&nbsp;&nbsp;&nbsp;&nbsp;&nbsp;&nbsp;&nbsp;&nbsp;&nbsp;&nbsp; Mi\u00e9rcoles 26 de agosto de 2026 \u00a0\u00a0\u00a0\u00a0\u00a0\u00a0\u00a0\u00a0\u00a0\u00a0\u00a0\u00a0\u00a0\u00a0\u00a0\u00a0\u00a0\u00a0\u00a0\u00a0\u00a0\u00a0\u00a0\u00a0\u00a0\u00a0\u00a0\u00a0\u00a0\u00a0 &nbsp;&nbsp;&nbsp;&nbsp;&nbsp;&nbsp;&nbsp;&nbsp;&nbsp;&nbsp;&nbsp;&nbsp;&nbsp;&nbsp;&nbsp;&nbsp;&nbsp;&nbsp;&nbsp;&nbsp;&nbsp;&nbsp;&nbsp; Invoca el Whatever it takes\u00bb y aplica aranceles a estados que votaron por Trump Dr. Armando Rojano Uscanga El Gobierno de Canad\u00e1, representado por el primer ministro, Mark Carney, responder\u00e1 \u00abd\u00f3lar por d\u00f3lar\u00bb a los aranceles de EEUU de hasta el 50% en productos por valor&#8230;<\/p>\n<p class=\"more-link\"><a href=\"https:\/\/omniumcultural.edu.mx\/site\/2026\/08\/25\/canada-declara-guerra-comercial-a-eeuu-por-aranceles\/\"><span>Read More<\/span><i>&#43;<\/i><\/a><\/p>\n","protected":false},"author":1,"featured_media":0,"comment_status":"open","ping_status":"open","sticky":false,"template":"","format":"standard","meta":{"footnotes":""},"categories":[4],"tags":[],"class_list":["post-9862","post","type-post","status-publish","format-standard","hentry","category-ahora-y-aqui"],"_links":{"self":[{"href":"https:\/\/omniumcultural.edu.mx\/site\/wp-json\/wp\/v2\/posts\/9862","targetHints":{"allow":["GET"]}}],"collection":[{"href":"https:\/\/omniumcultural.edu.mx\/site\/wp-json\/wp\/v2\/posts"}],"about":[{"href":"https:\/\/omniumcultural.edu.mx\/site\/wp-json\/wp\/v2\/types\/post"}],"author":[{"embeddable":true,"href":"https:\/\/omniumcultural.edu.mx\/site\/wp-json\/wp\/v2\/users\/1"}],"replies":[{"embeddable":true,"href":"https:\/\/omniumcultural.edu.mx\/site\/wp-json\/wp\/v2\/comments?post=9862"}],"version-history":[{"count":1,"href":"https:\/\/omniumcultural.edu.mx\/site\/wp-json\/wp\/v2\/posts\/9862\/revisions"}],"predecessor-version":[{"id":9863,"href":"https:\/\/omniumcultural.edu.mx\/site\/wp-json\/wp\/v2\/posts\/9862\/revisions\/9863"}],"wp:attachment":[{"href":"https:\/\/omniumcultural.edu.mx\/site\/wp-json\/wp\/v2\/media?parent=9862"}],"wp:term":[{"taxonomy":"category","embeddable":true,"href":"https:\/\/omniumcultural.edu.mx\/site\/wp-json\/wp\/v2\/categories?post=9862"},{"taxonomy":"post_tag","embeddable":true,"href":"https:\/\/omniumcultural.edu.mx\/site\/wp-json\/wp\/v2\/tags?post=9862"}],"curies":[{"name":"wp","href":"https:\/\/api.w.org\/{rel}","templated":true}]}}