{"id":9808,"date":"2026-08-09T20:57:46","date_gmt":"2026-08-09T20:57:46","guid":{"rendered":"https:\/\/omniumcultural.edu.mx\/site\/?p=9808"},"modified":"2026-08-09T20:57:46","modified_gmt":"2026-08-09T20:57:46","slug":"informacion-falsa-sobre-ley-espanola-provoco-la-tragedia-de-ceuta","status":"publish","type":"post","link":"https:\/\/omniumcultural.edu.mx\/site\/2026\/08\/09\/informacion-falsa-sobre-ley-espanola-provoco-la-tragedia-de-ceuta\/","title":{"rendered":"INFORMACI\u00d3N FALSA SOBRE LEY ESPA\u00d1OLA PROVOC\u00d3 LA TRAGEDIA DE CEUTA"},"content":{"rendered":"\n<p class=\"wp-block-paragraph\">&nbsp;Lunes 10 de agosto de 2026<\/p>\n\n\n\n<p class=\"wp-block-paragraph\">\u00a0\u00a0\u00a0\u00a0\u00a0\u00a0\u00a0\u00a0\u00a0\u00a0\u00a0\u00a0\u00a0\u00a0\u00a0\u00a0\u00a0\u00a0\u00a0\u00a0\u00a0\u00a0<\/p>\n\n\n\n<p class=\"wp-block-paragraph\">&nbsp;&nbsp;&nbsp;&nbsp;&nbsp;&nbsp;&nbsp;&nbsp;&nbsp;&nbsp;&nbsp;&nbsp;&nbsp;&nbsp;&nbsp;&nbsp;&nbsp;&nbsp;&nbsp;&nbsp;&nbsp;&nbsp;&nbsp;&nbsp;&nbsp;&nbsp;&nbsp;&nbsp;&nbsp;&nbsp;&nbsp;&nbsp; M\u00e1s de un mill\u00f3n de mensajes falsos en 23 grupos de Facebook<\/p>\n\n\n\n<p class=\"wp-block-paragraph\">Dr. Armando Rojano Uscanga<\/p>\n\n\n\n<p class=\"wp-block-paragraph\">Una sentencia del Tribunal Supremo espa\u00f1ol publicada el 8 de julio pasado, se\u00f1alaba que los migrantes interceptados en el mar no est\u00e1n sujetos al r\u00e9gimen de retorno inmediato en la frontera, sino al procedimiento de retorno previsto en la legislaci\u00f3n migratoria espa\u00f1ola. Esto fue interpretado en las redes sociales como que las fronteras en Espa\u00f1a estaban abiertas, y miles de migrantes se lanzaron al mar, intentando llegar nadando a Ceuta, enclave espa\u00f1ol en Marruecos.<\/p>\n\n\n\n<p class=\"wp-block-paragraph\">La noche del 29 al 30 de julio circul\u00f3 en internet informaci\u00f3n que lleg\u00f3 a m\u00e1s de un mill\u00f3n de personas, en m\u00e1s de 23 grupos de Facebook que recibieron mensajes de WhatsApp invit\u00e1ndolos a reunirse en el puesto fronterizo despu\u00e9s de la medianoche para cruzar la frontera a Ceuta de manera conjunta. De los grupos digitales, en uno se encontr\u00f3 una veintena de n\u00fameros de tel\u00e9fono con el prefijo internacional del mismo pa\u00eds extranjero y los cinco grupos m\u00e1s importantes fueron eliminados., pero se sabe que detallaban las etapas de entrada en territorio espa\u00f1ol; venta, compra e intercambio de material de nataci\u00f3n, chalecos salvavidas, ropa para deportes acu\u00e1ticos y aletas, se\u00f1alando puntos de encuentro y rutas a seguir.<\/p>\n\n\n\n<p class=\"wp-block-paragraph\">A la tragedia de m\u00e1s de 100 migrantes fallecidos se suma un conflicto entre dos pa\u00edses, Espa\u00f1a y Marruecos, que controlan la entrada al Mar Mediterr\u00e1neo, que se culpan mutuamente. &nbsp;<\/p>\n","protected":false},"excerpt":{"rendered":"<p>&nbsp;Lunes 10 de agosto de 2026 \u00a0\u00a0\u00a0\u00a0\u00a0\u00a0\u00a0\u00a0\u00a0\u00a0\u00a0\u00a0\u00a0\u00a0\u00a0\u00a0\u00a0\u00a0\u00a0\u00a0\u00a0\u00a0 &nbsp;&nbsp;&nbsp;&nbsp;&nbsp;&nbsp;&nbsp;&nbsp;&nbsp;&nbsp;&nbsp;&nbsp;&nbsp;&nbsp;&nbsp;&nbsp;&nbsp;&nbsp;&nbsp;&nbsp;&nbsp;&nbsp;&nbsp;&nbsp;&nbsp;&nbsp;&nbsp;&nbsp;&nbsp;&nbsp;&nbsp;&nbsp; M\u00e1s de un mill\u00f3n de mensajes falsos en 23 grupos de Facebook Dr. Armando Rojano Uscanga Una sentencia del Tribunal Supremo espa\u00f1ol publicada el 8 de julio pasado, se\u00f1alaba que los migrantes interceptados en el mar no est\u00e1n sujetos al r\u00e9gimen de retorno inmediato en la frontera,&#8230;<\/p>\n<p class=\"more-link\"><a href=\"https:\/\/omniumcultural.edu.mx\/site\/2026\/08\/09\/informacion-falsa-sobre-ley-espanola-provoco-la-tragedia-de-ceuta\/\"><span>Read More<\/span><i>&#43;<\/i><\/a><\/p>\n","protected":false},"author":1,"featured_media":0,"comment_status":"open","ping_status":"open","sticky":false,"template":"","format":"standard","meta":{"footnotes":""},"categories":[4],"tags":[],"class_list":["post-9808","post","type-post","status-publish","format-standard","hentry","category-ahora-y-aqui"],"_links":{"self":[{"href":"https:\/\/omniumcultural.edu.mx\/site\/wp-json\/wp\/v2\/posts\/9808","targetHints":{"allow":["GET"]}}],"collection":[{"href":"https:\/\/omniumcultural.edu.mx\/site\/wp-json\/wp\/v2\/posts"}],"about":[{"href":"https:\/\/omniumcultural.edu.mx\/site\/wp-json\/wp\/v2\/types\/post"}],"author":[{"embeddable":true,"href":"https:\/\/omniumcultural.edu.mx\/site\/wp-json\/wp\/v2\/users\/1"}],"replies":[{"embeddable":true,"href":"https:\/\/omniumcultural.edu.mx\/site\/wp-json\/wp\/v2\/comments?post=9808"}],"version-history":[{"count":1,"href":"https:\/\/omniumcultural.edu.mx\/site\/wp-json\/wp\/v2\/posts\/9808\/revisions"}],"predecessor-version":[{"id":9809,"href":"https:\/\/omniumcultural.edu.mx\/site\/wp-json\/wp\/v2\/posts\/9808\/revisions\/9809"}],"wp:attachment":[{"href":"https:\/\/omniumcultural.edu.mx\/site\/wp-json\/wp\/v2\/media?parent=9808"}],"wp:term":[{"taxonomy":"category","embeddable":true,"href":"https:\/\/omniumcultural.edu.mx\/site\/wp-json\/wp\/v2\/categories?post=9808"},{"taxonomy":"post_tag","embeddable":true,"href":"https:\/\/omniumcultural.edu.mx\/site\/wp-json\/wp\/v2\/tags?post=9808"}],"curies":[{"name":"wp","href":"https:\/\/api.w.org\/{rel}","templated":true}]}}